{"id":1086,"date":"2015-10-15T15:50:22","date_gmt":"2015-10-15T13:50:22","guid":{"rendered":"http:\/\/animation-debat-conference.fr\/?p=1086"},"modified":"2015-10-26T00:31:32","modified_gmt":"2015-10-25T22:31:32","slug":"tribune-de-la-sante-douleur-mieux-la-comprendre-pour-mieux-soigner","status":"publish","type":"post","link":"https:\/\/animation-debat-conference.fr\/?p=1086","title":{"rendered":"Tribune de la Sant\u00e9  \u00ab Douleur : mieux la comprendre pour mieux soigner \u00bb"},"content":{"rendered":"<p style=\"text-align: center;\">TRIBUNE DE LYON<br \/>\nTribune de la Sant\u00e9 \u00ab Douleur : mieux la comprendre pour mieux soigner \u00bb<\/p>\n<p style=\"text-align: center;\"><em>A l&rsquo;occasion de la sortie du seul guide pratique consacr\u00e9 \u00e0 la sant\u00e9 dans la r\u00e9gion lyonnaise, TRIBUNE DE LYON, en collaboration avec Nathaly Mermet, a organis\u00e9\u00a0une table-ronde pour une\u00a0soir\u00e9e-d\u00e9bat\u00a0sur la th\u00e9matique du dossier central consacr\u00e9 \u00e0 la douleur.<\/em><\/p>\n<p style=\"text-align: center;\">Le Mercredi 14 octobre de 18h30 \u00e0 20h30<\/p>\n<p style=\"text-align: center;\">au Mus\u00e9e des Beaux-Arts, Lyon Terreaux<\/p>\n<div id=\"attachment_1092\" style=\"width: 647px\" class=\"wp-caption aligncenter\"><a href=\"http:\/\/animation-debat-conference.fr\/wp-content\/uploads\/2015\/10\/IMG_4200-1.jpg\"><img aria-describedby=\"caption-attachment-1092\" decoding=\"async\" loading=\"lazy\" class=\"wp-image-1092 size-full\" src=\"http:\/\/animation-debat-conference.fr\/wp-content\/uploads\/2015\/10\/IMG_4200-1.jpg\" alt=\"Tribune de la Sant\u00e9 &quot;Douleur: mieux la comprendre pour mieux la soigner&quot;  De g. \u00e0 d. : Mme Campese-Faure, Pr Patrick Mertens, Dr Chantal Delafosse, Dr Luis Garcia-Larr\u00e9a, et Nathaly Mermet\" width=\"637\" height=\"267\" srcset=\"https:\/\/animation-debat-conference.fr\/wp-content\/uploads\/2015\/10\/IMG_4200-1.jpg 637w, https:\/\/animation-debat-conference.fr\/wp-content\/uploads\/2015\/10\/IMG_4200-1-300x126.jpg 300w\" sizes=\"(max-width: 637px) 100vw, 637px\" \/><\/a><p id=\"caption-attachment-1092\" class=\"wp-caption-text\">Tribune de la Sant\u00e9 \u00ab\u00a0Douleur: mieux la comprendre pour mieux la soigner\u00a0\u00bb<br \/> De g. \u00e0 d. : Mme Campese-Faure, Pr Patrick Mertens, Dr Chantal Delafosse, Dr Luis Garcia-Larr\u00e9a, et Nathaly Mermet<\/p><\/div>\n<p style=\"text-align: center;\"><strong>LA PRISE EN CHARGE DE LA DOULEUR\u00a0:<\/strong><\/p>\n<p style=\"text-align: center;\"><strong>UNE PRIORIT\u00c9 DE SANT\u00c9 PUBLIQUE.<\/strong><\/p>\n<p style=\"text-align: center;\"><strong><em>Douleur physique et douleur psychique.<\/em><\/strong><\/p>\n<p><strong>\u00a0<\/strong><\/p>\n<ul>\n<li><strong>Comprendre la douleur <\/strong><\/li>\n<li><strong>La prendre en charge de fa\u00e7on multimodale pour la soigner<\/strong><\/li>\n<li><strong>Apprendre \u00e0 vivre avec<\/strong><\/li>\n<\/ul>\n<p><strong>\u00a0<\/strong><\/p>\n<p><strong><em>Un combat des cliniciens, neurologues et neurochirurgiens, des psychoth\u00e9rapeutes et psychiatres, mais aussi de tout un chacun Parall\u00e8lement aux m\u00e9thodes traditionnelles, pharmaceutiques ou chirurgicales, tout un panel d\u2019approches s\u2019offre aujourd\u2019hui aux patients et aux praticiens. <\/em><\/strong><\/p>\n<p><em>\u00a0<\/em><\/p>\n<p>La douleur n\u2019est plus consid\u00e9r\u00e9e comme une fatalit\u00e9 ou un passage oblig\u00e9 aux finalit\u00e9s philosophique ou religieuse. Mais cette prise en compte de la douleur est relativement r\u00e9cente et continue de progresser.<\/p>\n<p>Il\u00a0 y a 20 ou 30 ans encore, aucun anti-douleur n\u2019\u00e9tait utilis\u00e9 dans la proc\u00e9dure d\u2019anesth\u00e9sie des nouveau-n\u00e9s puisqu\u2019on estimait qu\u2019ils ne la ressentaient pas.<\/p>\n<p>Depuis, la Loi Neuwirth (1995)\u00a0impose aux \u00e9tablissements de sant\u00e9 \u00ab de mettre en \u0153uvre les moyens propres \u00e0 prendre en charge la douleur des patients qu\u2019ils accueillent\u00a0\u00bb.<\/p>\n<p>Si d\u00e9sormais les traitements m\u00e9dicamenteux\u00a0 permettent d\u2019apaiser la douleur, cette seule approche est souvent jug\u00e9e insuffisante\u2026 La douleur n\u2019est pas que physique, elle reste intimement li\u00e9e aux circonstances de son apparition, \u00e0 la fa\u00e7on dont elle est appr\u00e9hend\u00e9e.\u00a0 On se tourne d\u00e9sormais vers une prise en charge globale du patient d\u00e9pendant de son histoire.<\/p>\n<p>Comment vivre avec une douleur chronique\u00a0?\u00a0 Comment d\u00e9crypter et comprendre la douleur des autres ? Au travers de la douleur, quelle souffrance se donne \u00e9galement \u00e0 lire, comment l\u2019entendre et l\u2019apaiser\u00a0?<\/p>\n<p>Cette table-ronde croisera les regards de diff\u00e9rentes disciplines (m\u00e9decine, physiologie, philosophie, psychologie, \u2026) pour appr\u00e9hender la complexit\u00e9 de la douleur et de son traitement.<\/p>\n<p><strong>Avec la participation de :<\/strong><\/p>\n<ul>\n<li><strong>Dr Luis Garcia-Larrea, <\/strong>clinicien neurophysiologiste\u00a0 et responsable de l\u2019\u00e9quipe de recherche NeuroPain\u00ab\u00a0<em>Int\u00e9gration centrale de la douleur chez l\u2019homme\u00a0\u00bb <\/em>au sein du Centre de Recherche en Neurosciences de Lyon (CRNL) et du Centre d\u2019Evaluation et de traitement de la douleur (CETD) \u00e0 l\u2019H\u00f4pital Pierre Wertheimer de Lyon (H\u00f4pital Neurologique)<\/li>\n<li><strong>Pr Patrick Mertens<\/strong>, neurochirurgien \u00e0 l\u2019H\u00f4pital neurologique de Lyon.<\/li>\n<li><strong>Dr Chantal Delafosse<\/strong>, responsable consultation douleur \u00e0 l\u2019H\u00f4pital Femme M\u00e8re Enfant et membre du Conseil Scientifique de la fondation Apicil.<\/li>\n<li><strong>Marie-Anne Campese-Faure<\/strong>, D\u00e9l\u00e9gu\u00e9e du Rh\u00f4ne de l&rsquo;Association Fran\u00e7aise des Polyarthritiques &amp; des Rhumatismes Inflammatoires Chroniques (AFPric)<\/li>\n<\/ul>\n<p style=\"text-align: center;\"><em>Table-ronde anim\u00e9e par <strong>Nathaly Mermet,<\/strong><\/em><em> Journaliste scientifique &amp; m\u00e9dicale<\/em><\/p>\n<div id=\"attachment_1095\" style=\"width: 310px\" class=\"wp-caption aligncenter\"><a href=\"http:\/\/animation-debat-conference.fr\/wp-content\/uploads\/2015\/10\/Tribune-de-la-Sant\u00e9-DOULEUR-e1445300163765.jpg\"><img aria-describedby=\"caption-attachment-1095\" decoding=\"async\" loading=\"lazy\" class=\"wp-image-1095 size-medium\" src=\"http:\/\/animation-debat-conference.fr\/wp-content\/uploads\/2015\/10\/Tribune-de-la-Sant\u00e9-DOULEUR-300x225.jpg\" alt=\"Tribune de la Sant\u00e9 DOULEUR - Remerciements par Fran\u00e7ois Sapy, Directeur de publication Tribune de Lyon\" width=\"300\" height=\"225\" \/><\/a><p id=\"caption-attachment-1095\" class=\"wp-caption-text\">Tribune de la Sant\u00e9 \u00ab\u00a0DOULEUR\u00a0\u00bb au Mus\u00e9e des Beaux-Arts &#8211; Remerciements par Fran\u00e7ois Sapy, Directeur de publication Les Guides de Tribune de Lyon<\/p><\/div>\n<p><em>\u00a0<\/em><\/p>\n<p>&nbsp;<\/p>\n<p><em>\u00a0<\/em>SYNOPSIS<\/p>\n<h4>\u00a0Introduction (Nathaly)<\/h4>\n<h4>\u00a0Vaste sujet puisque chacun a d\u00e9j\u00e0 connu au moins une exp\u00e9rience douloureuse =&gt; on ne r\u00e9pondra pas \u00e0 toutes les questions en 2h<\/h4>\n<ul>\n<li>MAIS avec nos 4 intervenants nous allons parler des avanc\u00e9es et des innovations dans le domaine de la recherche pour mieux prendre en charge la douleur et apprendre \u00e0 VIVRE AVEC lorsqu\u2019elle devient une maladie chronique.<\/li>\n<li>Notre fil rouge\u00a0: de quelles douleurs parle t-on\u00a0? Diff\u00e9rents types de douleurs d\u2019o\u00f9 diff\u00e9rents traitements et diff\u00e9rentes prises en charge\u00a0? Quels progr\u00e8s et quels espoirs aujourd\u2019hui pour les patients douloureux<\/li>\n<li>Rencontre de 2H avant tout pour <strong>r\u00e9pondre aux questions du public<\/strong><\/li>\n<\/ul>\n<p>&nbsp;<\/p>\n<p>&nbsp;<\/p>\n<p><strong>Micro Dr Luis Garcia-Larrea, clinicien neurophysiologiste\u00a0 et responsable de l\u2019\u00e9quipe de recherche NeuroPain \u00ab\u00a0<em>Int\u00e9gration centrale de la douleur chez l\u2019homme\u00a0\u00bb <\/em>au sein du Centre de Recherche en Neurosciences de Lyon (CRNL) et du Centre d\u2019Evaluation et de traitement de la douleur (CETD) \u00e0 l\u2019H\u00f4pital Pierre Wertheimer de Lyon (H\u00f4pital Neurologique)<\/strong><\/p>\n<p>Comment d\u00e9finit t-on la douleur\u00a0?<\/p>\n<p>3 grands types de douleurs :<\/p>\n<ul>\n<li>La douleur \u00ab\u00a0somatique\u00a0\u00bb<\/li>\n<li>La douleur \u00ab\u00a0neuropathique\u00a0\u00bb<\/li>\n<li>La douleur dysfonctionnelle<\/li>\n<\/ul>\n<p>&nbsp;<\/p>\n<p><em>Transition\u00a0: parmi ces douleurs, exemple de la polyarthrite rhumato\u00efde<\/em><\/p>\n<p>&nbsp;<\/p>\n<h4>Micro Marie-Anne Campese-Faure, D\u00e9l\u00e9gu\u00e9e du Rh\u00f4ne de l&rsquo;Association Fran\u00e7aise des Polyarthritiques &amp; des Rhumatismes Inflammatoires Chroniques (AFPric)<\/h4>\n<h4><\/h4>\n<ul>\n<li>T\u00e9moignage\u00a0: particularit\u00e9s de la PR (maladie visible ms pas la douleur\u2026)<\/li>\n<li>Pr\u00e9sentation AFPric<\/li>\n<\/ul>\n<p><em>\u00a0<\/em><\/p>\n<p><em>Transition\u00a0: apr\u00e8s \u00ab\u00a0constats\u00a0\u00bb, d\u00e9finitions et t\u00e9moignage, quels traitements disponibles\u00a0?<\/em><\/p>\n<p>&nbsp;<\/p>\n<h4>Micro Pr Patrick Mertens, neurochirurgien \u00e0 l\u2019H\u00f4pital neurologique de Lyon.<\/h4>\n<h4><\/h4>\n<ul>\n<li>quand a-t-on recours \u00e0 la chirurgie\u00a0?<\/li>\n<li>d\u2019abord compr\u00e9hension= r\u00f4le neurologue, avant intervention<\/li>\n<\/ul>\n<p><em>\u00a0<\/em><\/p>\n<p><em>\u00a0<\/em><em>Transition\u00a0: qu\u2019en est-il de la prise en charge de la douleur chez l\u2019enfant, (qui ne peut souvent pas l\u2019exprimer?) <\/em><\/p>\n<h4>Micro Dr Chantal Delafosse, responsable consultation douleur \u00e0 l\u2019H\u00f4pital Femme M\u00e8re Enfant et membre du Conseil Scientifique de la fondation Apicil.<\/h4>\n<ul>\n<li>Reconnaitre et \u00e9valuer la douleur des enfants n\u00e9cessite d\u2019utiliser des outils adapt\u00e9s, et de grands progr\u00e8s ont \u00e9t\u00e9 r\u00e9alis\u00e9s depuis vingt ans. La prise en charge de la douleur aigu\u00eb pour les tout petits reste encore difficile par manque de moyens m\u00e9dicamenteux adapt\u00e9s \u00e0 leur poids, en particulier des m\u00e9dicaments du pallier 2<\/li>\n<li>Distinction 3 classes de m\u00e9dicaments selon la classification de l\u2019OMS\u00a0:\n<ul>\n<li>Pallier 1\u00a0: Parac\u00e9tamol, anti-inflamatoire<\/li>\n<li>Pallier 2\u00a0: Cod\u00e9ine (apr\u00e8s 12 ans), Tramadol (apr\u00e8s 3 ans), N\u00e9fopam (apr\u00e8s 15 ans), Nalbuphine (injectable, en hospitalier)<\/li>\n<li>Pallier 3\u00a0: Morphine<\/li>\n<\/ul>\n<\/li>\n<li>les enfants peuvent aussi \u00eatre confront\u00e9s \u00e0 des douleurs chroniques pour lesquelles une prise en charge multidisciplinaire est n\u00e9cessaire.<\/li>\n<li>Afin d\u2019expliquer la douleur chronique aux enfants et \u00e0 leur famille, mise au point d\u2019un outil p\u00e9dagogique pour l\u2019\u00e9ducation th\u00e9rapeutique financ\u00e9 par la Fondation Apicil.<\/li>\n<\/ul>\n<p><strong>\u00a0<\/strong><\/p>\n<p>Apr\u00e8s ce 1<sup>er<\/sup> tour de table (5 \u00e0 10\u2019 max \/ intervention)<\/p>\n<p>&nbsp;<\/p>\n<ul>\n<li>R\u00e9pondre aux questions de la salle s\u2019il y en a<\/li>\n<li>Intervention Claire Rigaud-Bully et\/ou Fran\u00e7ois Maugi\u00e8re pour pr\u00e9senter le r\u00f4le de la <strong>Fondation Neurodis<\/strong><\/li>\n<li>Intervention Nathalie Aulnette pour pr\u00e9senter les actions de <strong>la Fondation APICIL contre la douleur <\/strong>(notamment soutien aux formations \u00e0 l\u2019hypnose au sein des \u00e9tablissements)<\/li>\n<\/ul>\n<p>&nbsp;<\/p>\n<p>En fonction de l\u2019int\u00e9r\u00eat du public<\/p>\n<p>&nbsp;<\/p>\n<ul>\n<li>Apr\u00e8s les approches \u00ab\u00a0classiques\u00a0\u00bb (pharmacologiques ou chirurgicales) quels autres recours face \u00e0 la douleur<\/li>\n<\/ul>\n<p>&nbsp;<\/p>\n<ul>\n<li><u>Pr\u00e9sentation des derni\u00e8res actualit\u00e9s ou travaux en cours par chacun\u00a0:<\/u><\/li>\n<\/ul>\n<p>&nbsp;<\/p>\n<ul>\n<li><strong>Dr Garcia Larr\u00e9a<\/strong>: explication de stimulation magn\u00e9tique trans-cr\u00e2nienne + projection du film r\u00e9alis\u00e9 pr les 10 ans de la Fondation APICIL<\/li>\n<\/ul>\n<p>NB\u00a0: possibilit\u00e9 d\u2019interrompre le film pour privil\u00e9gier les explications \u00ab\u00a0en live\u00a0\u00bb<\/p>\n<p>&nbsp;<\/p>\n<ul>\n<li><strong>Pr Mertens<\/strong>: \u00e9volution de la chirurgie (de moins en moins invasive, de + en + fine\u2026) + derni\u00e8re avanc\u00e9es et connaissances \/ neurostimulation<\/li>\n<\/ul>\n<p>&nbsp;<\/p>\n<ul>\n<li><strong>Dr Chantal Delafosse<\/strong>: pourquoi manque de m\u00e9dicaments pour les enfants\u00a0?&#8230; laboratoires pharmaceutiques pas tr\u00e8s int\u00e9ress\u00e9s pour d\u00e9velopper ces m\u00e9dicaments car les \u00e9tudes cliniques co\u00fbtent tr\u00e8s cher pour une petite population<\/li>\n<\/ul>\n<p><strong>\u00a0<\/strong><\/p>\n<ul>\n<li><strong>Mme Campese-Faure<\/strong>: quels options\/ recours pour les patients\u00a0? int\u00e9r\u00eat de l\u2019hypnose, de la sophrologie, des autres approches alternatives\u00a0?<\/li>\n<\/ul>\n<p>&nbsp;<\/p>\n<p>&nbsp;<\/p>\n<p>Objectifs de la soir\u00e9e-d\u00e9bat\u00a0:<\/p>\n<p>&nbsp;<\/p>\n<ul>\n<li>Mieux comprendre quelles innovations technologiques et m\u00e9dicales vont am\u00e9liorer la prise en charge de la douleur ces 20 prochaines ann\u00e9es<\/li>\n<\/ul>\n<ul>\n<li>Mieux conna\u00eetre les acteurs du territoire de le domaine des neurosciences et de la neurologie<\/li>\n<li>Elargir aux diff\u00e9rentes approches th\u00e9rapeutique pour une prise en charge globale et pluridisciplinaire<\/li>\n<li>Mieux saisir comment s\u2019articulent r\u00e9seaux de recherche, de soins, d\u2019accompagnement, de suivi (et.) et comment les innovations scientifiques sont transf\u00e9r\u00e9es au b\u00e9n\u00e9fice du patient<\/li>\n<\/ul>\n<p>&nbsp;<\/p>\n<p>&nbsp;<\/p>\n","protected":false},"excerpt":{"rendered":"<p>TRIBUNE DE LYON Tribune de la Sant\u00e9 \u00ab Douleur : mieux la comprendre pour mieux soigner \u00bb A l&rsquo;occasion de la sortie du seul guide pratique consacr\u00e9 \u00e0 la sant\u00e9 dans la r\u00e9gion lyonnaise, TRIBUNE DE LYON, en collaboration avec Nathaly Mermet, a organis\u00e9\u00a0une table-ronde pour une\u00a0soir\u00e9e-d\u00e9bat\u00a0sur la th\u00e9matique du dossier central consacr\u00e9 \u00e0 la [&hellip;]<\/p>\n","protected":false},"author":1,"featured_media":0,"comment_status":"open","ping_status":"open","sticky":false,"template":"","format":"standard","meta":[],"categories":[10],"tags":[],"_links":{"self":[{"href":"https:\/\/animation-debat-conference.fr\/index.php?rest_route=\/wp\/v2\/posts\/1086"}],"collection":[{"href":"https:\/\/animation-debat-conference.fr\/index.php?rest_route=\/wp\/v2\/posts"}],"about":[{"href":"https:\/\/animation-debat-conference.fr\/index.php?rest_route=\/wp\/v2\/types\/post"}],"author":[{"embeddable":true,"href":"https:\/\/animation-debat-conference.fr\/index.php?rest_route=\/wp\/v2\/users\/1"}],"replies":[{"embeddable":true,"href":"https:\/\/animation-debat-conference.fr\/index.php?rest_route=%2Fwp%2Fv2%2Fcomments&post=1086"}],"version-history":[{"count":9,"href":"https:\/\/animation-debat-conference.fr\/index.php?rest_route=\/wp\/v2\/posts\/1086\/revisions"}],"predecessor-version":[{"id":1099,"href":"https:\/\/animation-debat-conference.fr\/index.php?rest_route=\/wp\/v2\/posts\/1086\/revisions\/1099"}],"wp:attachment":[{"href":"https:\/\/animation-debat-conference.fr\/index.php?rest_route=%2Fwp%2Fv2%2Fmedia&parent=1086"}],"wp:term":[{"taxonomy":"category","embeddable":true,"href":"https:\/\/animation-debat-conference.fr\/index.php?rest_route=%2Fwp%2Fv2%2Fcategories&post=1086"},{"taxonomy":"post_tag","embeddable":true,"href":"https:\/\/animation-debat-conference.fr\/index.php?rest_route=%2Fwp%2Fv2%2Ftags&post=1086"}],"curies":[{"name":"wp","href":"https:\/\/api.w.org\/{rel}","templated":true}]}}