{"id":1633,"date":"2021-01-19T12:45:11","date_gmt":"2021-01-19T10:45:11","guid":{"rendered":"http:\/\/animation-debat-conference.fr\/?p=1633"},"modified":"2023-03-20T01:42:09","modified_gmt":"2023-03-19T23:42:09","slug":"med5p","status":"publish","type":"post","link":"https:\/\/animation-debat-conference.fr\/?p=1633","title":{"rendered":"MED&rsquo;5P : une rencontre phare pour le PTM"},"content":{"rendered":"<p style=\"text-align: justify;\"><b>Ev\u00e8nement marquant pour le P\u00f4le de Technologies M\u00e9dicales (PTM, nouvellement rebaptis\u00e9 NOVEKA!), la rencontre Med\u20195P &#8211; pour Pr\u00e9vention, Proximit\u00e9, Parcours, Personnalisation et Partage d\u2019exp\u00e9rience &#8211; s\u2019est tenue le 10 d\u00e9cembre 2020 \u00e0 Saint-Etienne. Vocation affich\u00e9e : f\u00e9d\u00e9rer toute la communaut\u00e9 de la Sant\u00e9 et des technologies m\u00e9dicales du territoire autour de probl\u00e9matiques communes et au service de la sant\u00e9 des populations. Tant originale que fondamentale, la th\u00e9matique retenue pour cette premi\u00e8re \u00e9dition \u00e9tait <\/b><\/p>\n<h3 style=\"text-align: center;\"><span style=\"color: #3366ff;\"><b><i>D\u00e9tecter et pr\u00e9venir les vuln\u00e9rabilit\u00e9s pour orienter les individus dans un parcours de soins adapt\u00e9 et personnalis\u00e9<\/i><\/b><b>. <\/b><\/span><\/h3>\n<p style=\"text-align: justify;\"><b>Et tant soci\u00e9tal que technique, son leitmotiv \u00e9tait de placer l\u2019humain au centre de la r\u00e9flexion, en accord avec les nouvelles ambitions du p\u00f4le NOVEKA! (ex PTM). Un \u00e9v\u00e9nement que j&rsquo;ai eu l&rsquo;honneur et le plaisir d&rsquo;animer en pr\u00e9sence (et \u00e0 distance) d&rsquo;invit\u00e9s prestigieux.<\/b><\/p>\n<div id=\"attachment_1642\" style=\"width: 690px\" class=\"wp-caption aligncenter\"><a class=\"hoverZoomLink\" href=\"https:\/\/youtu.be\/QYVyCqnEE14\" target=\"_blank\" rel=\"noopener\"><img aria-describedby=\"caption-attachment-1642\" decoding=\"async\" loading=\"lazy\" class=\"hoverZoomLink wp-image-1642 size-full\" src=\"http:\/\/animation-debat-conference.fr\/wp-content\/uploads\/2021\/01\/Med5P-by-PTM-10Dec2020.jpg\" alt=\"Med'5P by PTM - 10Dec2020\" width=\"680\" height=\"509\" srcset=\"https:\/\/animation-debat-conference.fr\/wp-content\/uploads\/2021\/01\/Med5P-by-PTM-10Dec2020.jpg 680w, https:\/\/animation-debat-conference.fr\/wp-content\/uploads\/2021\/01\/Med5P-by-PTM-10Dec2020-300x225.jpg 300w\" sizes=\"(max-width: 680px) 100vw, 680px\" \/><\/a><p id=\"caption-attachment-1642\" class=\"wp-caption-text\">[Replay] MED&rsquo;5P by PTM &#8211; 10\/12\/20 &#8211; De G \u00e0 D sur le plateau : Nathalie Barth (G\u00e9rontopole AURA) * Eric Gouzi (m\u00e9decine du travail, groupe Casino) * Elisabeth Botelho Nevers (CHU de St Etienne) * Olivier Rozaire (URPS Pharmaciens) * Fabienne Couvreur (Ligue contre le cancer 42) et Nathaly Mermet (Dr en Neurosciences, journaliste animatrice scientifique)<\/p><\/div>\n<p>Retransmission de l&rsquo;\u00e9v\u00e8nement MED&rsquo;5P organis\u00e9 le 10 d\u00e9cembre 2020 par le P\u00f4le des Technologies M\u00e9dicales (PTM)<\/p>\n<p>INTRODUCTION<\/p>\n<p><a class=\"yt-simple-endpoint style-scope yt-formatted-string\" dir=\"auto\" spellcheck=\"false\" href=\"https:\/\/www.youtube.com\/watch?v=QYVyCqnEE14&amp;t=0s\">00:00:00<\/a><span class=\"style-scope yt-formatted-string\" dir=\"auto\"> Pr\u00e9sentation du Med&rsquo;5P <\/span><\/p>\n<p><span class=\"style-scope yt-formatted-string\" dir=\"auto\">Med\u20195P est un \u00e9v\u00e8nement propos\u00e9 par le PTM dans un format nouveau adapt\u00e9 aux circonstances sanitaires, et qui se veut f\u00e9d\u00e9rer toute la communaut\u00e9 de la Sant\u00e9 (hospitalo-universitaire, m\u00e9dico-sociale, industrielle, institutionnelle, associative) du territoire autour de probl\u00e9matiques communes et au service de la sant\u00e9 des populations. Tant originale que fondamentale, la th\u00e9matique retenue pour cette premi\u00e8re \u00e9dition \u00e9tait D\u00e9tecter et pr\u00e9venir les vuln\u00e9rabilit\u00e9s pour orienter les individus dans un parcours de soins adapt\u00e9 et personnalis\u00e9. Tant soci\u00e9tal que technique, le leitmotiv des rencontres Med&rsquo;5P est de placer l\u2019humain au centre de la r\u00e9flexion, selon les <strong>5P<\/strong> de<strong> Pr\u00e9vention<\/strong> &#8211; <strong>Proximit\u00e9<\/strong> &#8211; <strong>Parcours<\/strong> de soins &#8211; <strong>Personnalisation<\/strong> &#8211; <strong>Partage<\/strong> d\u2019exp\u00e9rience<\/span><\/p>\n<div id=\"meta\" class=\"style-scope ytd-watch-flexy\">\n<div id=\"meta-contents\" class=\"style-scope ytd-watch-flexy\">\n<div id=\"container\" class=\"style-scope ytd-video-secondary-info-renderer\">\n<div id=\"always-shown\" class=\"style-scope ytd-metadata-row-container-renderer\">\n<div id=\"content\" class=\"style-scope ytd-expander\">\n<div class=\"style-scope ytd-video-secondary-info-renderer\"><a class=\"yt-simple-endpoint style-scope yt-formatted-string\" dir=\"auto\" spellcheck=\"false\" href=\"https:\/\/www.youtube.com\/watch?v=QYVyCqnEE14&amp;t=141s\">00:02:21<\/a><span class=\"style-scope yt-formatted-string\" dir=\"auto\"> Une fili\u00e8re des technologies de sant\u00e9 structur\u00e9e : une chance pour Saint-Etienne! par <strong><span style=\"color: #ff6600;\">Jean-No\u00ebl CORNUT<\/span><\/strong>, Conseiller communautaire \u00e0 St Etienne M\u00e9tropole , Enseignement sup\u00e9rieur, recherche et innovation. L\u2019enjeu de disposer d\u2019un p\u00f4le fort en Sant\u00e9 qui f\u00e9d\u00e8re l\u2019ensemble des acteurs est prioritaire.<\/span><\/div>\n<div class=\"style-scope ytd-video-secondary-info-renderer\"><a class=\"yt-simple-endpoint style-scope yt-formatted-string\" dir=\"auto\" spellcheck=\"false\" href=\"https:\/\/www.youtube.com\/watch?v=QYVyCqnEE14&amp;t=410s\">00:06:50<\/a><span class=\"style-scope yt-formatted-string\" dir=\"auto\"> Les nouvelles ambitions du P\u00f4le des Technologies M\u00e9dicales par <strong><span style=\"color: #ff6600;\">St\u00e9phane MATHIEU<\/span><\/strong>, son Pr\u00e9sident, et Directeur de Sigvaris <\/span><\/div>\n<div class=\"style-scope ytd-video-secondary-info-renderer\"><\/div>\n<div class=\"style-scope ytd-video-secondary-info-renderer\"><span class=\"style-scope yt-formatted-string\" dir=\"auto\">CONFERENCE INSPIRANTE \u00ab Pr\u00e9vention en sant\u00e9 dans un syst\u00e8me en crise\u00bb\u00a0 <\/span><\/div>\n<div class=\"style-scope ytd-video-secondary-info-renderer\"><a class=\"yt-simple-endpoint style-scope yt-formatted-string\" dir=\"auto\" spellcheck=\"false\" href=\"https:\/\/www.youtube.com\/watch?v=QYVyCqnEE14&amp;t=792s\">00:13:12<\/a><span class=\"style-scope yt-formatted-string\" dir=\"auto\"> Les enjeux de la Pr\u00e9vention au niveau national et local par <strong><span style=\"color: #ff6600;\">Franck CHAUVIN<\/span><\/strong>, Pr\u00e9sident du Haut Conseil de la sant\u00e9 publique (HCSP), Fondateur du Centre Hyg\u00e9e du CLARA, Co-fondateur de l\u2019Institut PRESAGE) Ne pas confondre crise du syst\u00e8me de sant\u00e9 et crise du syst\u00e8me de soins <\/span><\/div>\n<div class=\"style-scope ytd-video-secondary-info-renderer\"><a class=\"yt-simple-endpoint style-scope yt-formatted-string\" dir=\"auto\" spellcheck=\"false\" href=\"https:\/\/www.youtube.com\/watch?v=QYVyCqnEE14&amp;t=1754s\">00:29:14<\/a><span class=\"style-scope yt-formatted-string\" dir=\"auto\"> Une vision Sant\u00e9 Publique &amp; Pr\u00e9vention par<strong><span style=\"color: #ff6600;\"> Dominique LIBAULT<\/span><\/strong>, Directeur g\u00e9n\u00e9ral de l&rsquo;Ecole Nationale Sup\u00e9rieur de S\u00e9curit\u00e9 Sociale (EN3S) <\/span><\/div>\n<div class=\"style-scope ytd-video-secondary-info-renderer\"><\/div>\n<div class=\"style-scope ytd-video-secondary-info-renderer\"><span class=\"style-scope yt-formatted-string\" dir=\"auto\">TABLE-RONDE <\/span><\/div>\n<div class=\"style-scope ytd-video-secondary-info-renderer\"><a class=\"yt-simple-endpoint style-scope yt-formatted-string\" dir=\"auto\" spellcheck=\"false\" href=\"https:\/\/www.youtube.com\/watch?v=QYVyCqnEE14&amp;t=2240s\">00:37:20<\/a><span class=\"style-scope yt-formatted-string\" dir=\"auto\"> Pr\u00e9sentation de la th\u00e9matique <em><strong>\u00ab Pr\u00e9vention et d\u00e9tection pr\u00e9coce, entre circuit court de la sant\u00e9 et adaptation des outils au terrain \u00bb <\/strong><\/em><\/span><\/div>\n<div class=\"style-scope ytd-video-secondary-info-renderer\"><a class=\"yt-simple-endpoint style-scope yt-formatted-string\" dir=\"auto\" spellcheck=\"false\" href=\"https:\/\/www.youtube.com\/watch?v=QYVyCqnEE14&amp;t=2330s\">00:38:50<\/a><span class=\"style-scope yt-formatted-string\" dir=\"auto\"> Pr\u00e9sentation des Invit\u00e9s : <strong><span style=\"color: #ff6600;\">Nathalie BARTH<\/span><\/strong> (G\u00e9rontopole AURA), <strong><span style=\"color: #ff6600;\">Elisabeth\u00a0BOTELHO-NEVERS\u00a0<\/span><\/strong>(CHU de St Etienne), <strong><span style=\"color: #ff6600;\">Fabienne COUVREUR<\/span><\/strong> (Ligue contre le cancer 42), <strong><span style=\"color: #ff6600;\">Eric GOUZI<\/span><\/strong> (m\u00e9decine du travail, groupe Casino), <strong><span style=\"color: #ff6600;\">Olivier ROZAIRE<\/span><\/strong> (URPS Pharmaciens) <\/span><\/div>\n<div class=\"style-scope ytd-video-secondary-info-renderer\"><\/div>\n<div class=\"style-scope ytd-video-secondary-info-renderer\"><a class=\"yt-simple-endpoint style-scope yt-formatted-string\" dir=\"auto\" spellcheck=\"false\" href=\"https:\/\/www.youtube.com\/watch?v=QYVyCqnEE14&amp;t=2397s\">00:39:57<\/a><strong><span class=\"style-scope yt-formatted-string\" dir=\"auto\"> Partie I &#8211; Circuits courts de la Sant\u00e9: les Acteurs <\/span><\/strong><\/div>\n<div class=\"style-scope ytd-video-secondary-info-renderer\"><a class=\"yt-simple-endpoint style-scope yt-formatted-string\" dir=\"auto\" spellcheck=\"false\" href=\"https:\/\/www.youtube.com\/watch?v=QYVyCqnEE14&amp;t=2836s\">00:47:16<\/a><span class=\"style-scope yt-formatted-string\" dir=\"auto\"> Quelles vuln\u00e9rabilit\u00e9s plus \u00ab\u00a0importantes\u00a0\u00bb \u00e0 d\u00e9tecter? par <strong><span style=\"color: #ff6600;\">Laurent GERBAUD<\/span><\/strong>, Chef du p\u00f4le sant\u00e9 publique au CHU de Clermont-Ferrand.<\/span><\/div>\n<div class=\"style-scope ytd-video-secondary-info-renderer\"><span class=\"style-scope yt-formatted-string\" dir=\"auto\"> Parmi les acteurs de proximit\u00e9, la LCC42, repr\u00e9sent\u00e9e par <strong><span style=\"color: #ff6600;\">Fabienne COUVREUR<\/span><\/strong><\/span><\/div>\n<div class=\"style-scope ytd-video-secondary-info-renderer\"><a class=\"yt-simple-endpoint style-scope yt-formatted-string\" dir=\"auto\" spellcheck=\"false\" href=\"https:\/\/www.youtube.com\/watch?v=QYVyCqnEE14&amp;t=3554s\">00:59:14<\/a><span class=\"style-scope yt-formatted-string\" dir=\"auto\"> D\u00e9tecter les difficult\u00e9s chez les personnes vuln\u00e9rables sur le terrain par <strong><span style=\"color: #ff6600;\">Jocelyne LABOURE<\/span><\/strong>, Directrice de l\u2019Association d\u2019Aide \u00e0 Domicile de la Loire (AIMV) <\/span><\/div>\n<div class=\"style-scope ytd-video-secondary-info-renderer\"><span class=\"style-scope yt-formatted-string\" dir=\"auto\">Les pharmaciens, des \u00ab\u00a0sentinelles\u00a0\u00bb dans l&rsquo;offre de soins par <strong><span style=\"color: #ff6600;\">Olivier ROZAIRE<\/span><\/strong>, Pdt de l&rsquo;URPS Pharmaciens <\/span><\/div>\n<div class=\"style-scope ytd-video-secondary-info-renderer\"><a class=\"yt-simple-endpoint style-scope yt-formatted-string\" dir=\"auto\" spellcheck=\"false\" href=\"https:\/\/www.youtube.com\/watch?v=QYVyCqnEE14&amp;t=4627s\">01:17:07<\/a><span class=\"style-scope yt-formatted-string\" dir=\"auto\"> Quelle place de la pr\u00e9vention dans l&rsquo;entreprise? par <strong><span style=\"color: #ff6600;\">Bernard PONS<\/span><\/strong>, Directeur des Ressources Humaines chez SIGVARIS SAS <\/span><\/div>\n<div class=\"style-scope ytd-video-secondary-info-renderer\"><span class=\"style-scope yt-formatted-string\" dir=\"auto\">La Pr\u00e9vention, cheval de bataille des m\u00e9decins de sant\u00e9 au travail par <strong><span style=\"color: #ff6600;\">Eric GOUZI<\/span><\/strong>, m\u00e9decin r\u00e9f\u00e9rent Groupe Casino <\/span><\/div>\n<div class=\"style-scope ytd-video-secondary-info-renderer\"><a class=\"yt-simple-endpoint style-scope yt-formatted-string\" dir=\"auto\" spellcheck=\"false\" href=\"https:\/\/www.youtube.com\/watch?v=QYVyCqnEE14&amp;t=5355s\">01:29:15<\/a><span class=\"style-scope yt-formatted-string\" dir=\"auto\"> Les missions du Centre Technique d&rsquo;Appui et de Formation (CETAF) par <strong><span style=\"color: #ff6600;\">Norbert DEVILLE<\/span><\/strong>, son Directeur G\u00e9n\u00e9ral Zoom sur l&rsquo;Examen de Pr\u00e9vention en Sant\u00e9 (EPS) qui permet de faire entrer des personnes vuln\u00e9rables ou fragilis\u00e9es dans un parcours de sant\u00e9. <\/span><\/div>\n<div class=\"style-scope ytd-video-secondary-info-renderer\"><a class=\"yt-simple-endpoint style-scope yt-formatted-string\" dir=\"auto\" spellcheck=\"false\" href=\"https:\/\/www.youtube.com\/watch?v=QYVyCqnEE14&amp;t=5646s\">01:34:06<\/a><span class=\"style-scope yt-formatted-string\" dir=\"auto\"> Pr\u00e9occupante, la sant\u00e9 mentale des \u00e9tudiants par <strong><span style=\"color: #ff6600;\">Brigitte POIZAT<\/span><\/strong>, directrice de la M\u00e9decine Pr\u00e9ventive Universitaire (MPU) \u00e0 l\u2019UJM Une myriade d&rsquo;acteurs de proximit\u00e9, ou \u00ab\u00a0pr\u00e9venteurs\u00a0\u00bb \u00e0 recenser par <strong><span style=\"color: #ff6600;\">Nathalie BARTH<\/span><\/strong> et <strong><span style=\"color: #ff6600;\">Elisabeth BOTELHO-NEVERS<\/span><\/strong><\/span><\/div>\n<div class=\"style-scope ytd-video-secondary-info-renderer\"><\/div>\n<div class=\"style-scope ytd-video-secondary-info-renderer\"><a class=\"yt-simple-endpoint style-scope yt-formatted-string\" dir=\"auto\" spellcheck=\"false\" href=\"https:\/\/www.youtube.com\/watch?v=QYVyCqnEE14&amp;t=6520s\">01:48:40<\/a><strong><span class=\"style-scope yt-formatted-string\" dir=\"auto\"> Partie II &#8211; Outils &amp; usages adapt\u00e9s : les Actions <\/span><\/strong><\/div>\n<div class=\"style-scope ytd-video-secondary-info-renderer\"><a class=\"yt-simple-endpoint style-scope yt-formatted-string\" dir=\"auto\" spellcheck=\"false\" href=\"https:\/\/www.youtube.com\/watch?v=QYVyCqnEE14&amp;t=6553s\">01:49:13<\/a><span class=\"style-scope yt-formatted-string\" dir=\"auto\"> Quelle strat\u00e9gie de rep\u00e9rage des fragilit\u00e9s e\u00fbt \u00e9gard aux dispositifs disponibles par <strong><span style=\"color: #ff6600;\">Laurent GERBAUD<\/span><\/strong>, <\/span><\/div>\n<div class=\"style-scope ytd-video-secondary-info-renderer\"><span class=\"style-scope yt-formatted-string\" dir=\"auto\">Quels param\u00e8tres prendre en compte dans la pr\u00e9vention des cancers par <strong><span style=\"color: #ff6600;\">Fabienne COUVREUR<\/span><\/strong><\/span><\/div>\n<div class=\"style-scope ytd-video-secondary-info-renderer\"><span class=\"style-scope yt-formatted-string\" dir=\"auto\">Quels param\u00e8tres prendre en compte dans la pr\u00e9vention en infectiologie par <span style=\"color: #ff6600;\"><strong>Elisabeth BOTELHO-NEVERS<\/strong><\/span><\/span><\/div>\n<div class=\"style-scope ytd-video-secondary-info-renderer\"><a class=\"yt-simple-endpoint style-scope yt-formatted-string\" dir=\"auto\" spellcheck=\"false\" href=\"https:\/\/www.youtube.com\/watch?v=QYVyCqnEE14&amp;t=7585s\">02:06:25<\/a><span class=\"style-scope yt-formatted-string\" dir=\"auto\"> Intervention de <strong><span style=\"color: #ff6600;\">Jocelyne LABOURE<\/span><\/strong>, Directrice de l\u2019Association d\u2019Aide \u00e0 Domicile de la Loire (AIMV) <\/span><\/div>\n<div class=\"style-scope ytd-video-secondary-info-renderer\"><a class=\"yt-simple-endpoint style-scope yt-formatted-string\" dir=\"auto\" spellcheck=\"false\" href=\"https:\/\/www.youtube.com\/watch?v=QYVyCqnEE14&amp;t=7713s\">02:08:33<\/a><span class=\"style-scope yt-formatted-string\" dir=\"auto\"> Des outils \u00e0 la disposition des Aides \u00e0 Domicile Sentinelles par <strong><span style=\"color: #ff6600;\">Brigitte POIZAT<\/span> <\/strong>(D<span style=\"font-weight: 400;\">irectrice de la M\u00e9decine Pr\u00e9ventive Universitaire, MPU) <\/span><\/span><\/div>\n<div class=\"style-scope ytd-video-secondary-info-renderer\"><a class=\"yt-simple-endpoint style-scope yt-formatted-string\" dir=\"auto\" spellcheck=\"false\" href=\"https:\/\/www.youtube.com\/watch?v=QYVyCqnEE14&amp;t=8140s\">02:15:40<\/a><span class=\"style-scope yt-formatted-string\" dir=\"auto\"> \u00ab\u00a048h pour faire vivre ses id\u00e9es\u00a0\u00bb, le <em>hackaton<\/em> de la Fabrique de l&rsquo;Innovation par <strong><span style=\"color: #ff6600;\">Pauline FIOT<\/span><\/strong><\/span><\/div>\n<div class=\"style-scope ytd-video-secondary-info-renderer\"><\/div>\n<div class=\"style-scope ytd-video-secondary-info-renderer\"><a class=\"yt-simple-endpoint style-scope yt-formatted-string\" dir=\"auto\" spellcheck=\"false\" href=\"https:\/\/www.youtube.com\/watch?v=QYVyCqnEE14&amp;t=8408s\">02:20:08<\/a><span class=\"style-scope yt-formatted-string\" dir=\"auto\"> Tour de table des conclusions : De quoi r\u00eave chacun pour \u201ctranscender\u201d les solutions d\u00e9j\u00e0 mises en \u0153uvre dans son domaine d&rsquo;expertise ? <\/span><\/div>\n<div class=\"style-scope ytd-video-secondary-info-renderer\"><\/div>\n<div class=\"style-scope ytd-video-secondary-info-renderer\"><a class=\"yt-simple-endpoint style-scope yt-formatted-string\" dir=\"auto\" spellcheck=\"false\" href=\"https:\/\/www.youtube.com\/watch?v=QYVyCqnEE14&amp;t=8828s\">02:27:08<\/a><span class=\"style-scope yt-formatted-string\" dir=\"auto\"> Remerciements <\/span><\/div>\n<div class=\"style-scope ytd-video-secondary-info-renderer\"><\/div>\n<div class=\"style-scope ytd-video-secondary-info-renderer\"><a class=\"yt-simple-endpoint style-scope yt-formatted-string\" dir=\"auto\" spellcheck=\"false\" href=\"https:\/\/www.youtube.com\/watch?v=QYVyCqnEE14&amp;t=8947s\">02:29:07<\/a><span class=\"style-scope yt-formatted-string\" dir=\"auto\"> REPORTAGE \u201cVu d\u2019ailleurs\u201d avec un retour d\u2019exp\u00e9rience sur la fa\u00e7on dont la crise sanitaire est v\u00e9cue au Canada et un focus sur la situation des personnes \u00e2g\u00e9es <\/span><\/div>\n<div class=\"style-scope ytd-video-secondary-info-renderer\"><span class=\"style-scope yt-formatted-string\" dir=\"auto\">Ma\u00eetre <strong><span style=\"color: #ff6600;\">Louise B\u00c9LANGER-HARDY<\/span><\/strong>, Professeure titulaire \u00e0 la Facult\u00e9 de droit de l\u2019Universit\u00e9 d\u2019Ottawa et Membre de l\u2019Institut de recherche LIFE &#8211; <strong><span style=\"color: #ff6600;\">Guilh\u00e8me P\u00c9RODEAU<\/span><\/strong>, PH.D. Professeure honoraire du D\u00e9partement de Psycho\u00e9ducation et de Psychologie \u00e0 l\u2019Universit\u00e9 du Qu\u00e9bec et g\u00e9rontologue, <strong><span style=\"color: #ff6600;\">Denise CYR<\/span><\/strong>, Gestionnaire et Jacqueline ROY, Administratrice du Centre d\u2019accueil Champlain \u00e0 Ottawa<\/span><\/div>\n<\/div>\n<\/div>\n<div class=\"style-scope ytd-video-secondary-info-renderer\"><\/div>\n<h3 class=\"style-scope ytd-video-secondary-info-renderer\" style=\"text-align: center;\"><span style=\"color: #3366ff;\"><strong>BILAN DE LA RENCONTRE<a class=\"hoverZoomLink\" href=\"http:\/\/animation-debat-conference.fr\/wp-content\/uploads\/2021\/01\/Logo-Event-Med5P.png\"><img decoding=\"async\" loading=\"lazy\" class=\" hoverZoomLink alignright wp-image-1647 size-full\" src=\"http:\/\/animation-debat-conference.fr\/wp-content\/uploads\/2021\/01\/Logo-Event-Med5P.png\" alt=\"Logo Event Med'5P\" width=\"680\" height=\"331\" srcset=\"https:\/\/animation-debat-conference.fr\/wp-content\/uploads\/2021\/01\/Logo-Event-Med5P.png 680w, https:\/\/animation-debat-conference.fr\/wp-content\/uploads\/2021\/01\/Logo-Event-Med5P-300x146.png 300w\" sizes=\"(max-width: 680px) 100vw, 680px\" \/><\/a><\/strong><\/span><\/h3>\n<\/div>\n<\/div>\n<\/div>\n<div id=\"ticket-shelf\" class=\"style-scope ytd-watch-flexy\">\n<h2 style=\"text-align: center;\"><b>&gt;&gt;&gt; Structuration de la fili\u00e8re des technologies m\u00e9dicales :\u00a0<\/b><b>la premi\u00e8re pierre est pos\u00e9e<\/b><\/h2>\n<ul>\n<li><span style=\"color: #333399;\"><b>Une rencontre in\u00e9dite dans un format in\u00e9dit<\/b><\/span><\/li>\n<\/ul>\n<p><span style=\"font-weight: 400;\">Une vingtaine d\u2019intervenants ont \u00e9t\u00e9 sollicit\u00e9s afin de contribuer \u00e0 la r\u00e9flexion \u00e0 travers leurs expertises, leurs retours d\u2019exp\u00e9rience de terrain, leurs suggestions, leurs id\u00e9es\u2026 Afin de respecter les r\u00e8gles sanitaires en vigueur, 5 invit\u00e9s \u00e9taient pr\u00e9sents sur le plateau Med\u20195P, notamment pour participer \u00e0 une table-ronde d\u00e9bat, tandis que les autres sp\u00e9cialistes ont d\u00e9livr\u00e9 leurs messages sous forme de formats vid\u00e9o courts (capsules r\u00e9alis\u00e9es en amont).<\/span><\/p>\n<p><span style=\"font-weight: 400;\">100% digital pour les participants inscrits, l\u2019\u00e9v\u00e8nement s\u2019est voulu interactif \u00e0 travers un chat en ligne destin\u00e9 aux questions, auxquelles ont pu r\u00e9pondre en direct les invit\u00e9s pr\u00e9sents sur le plateau.<\/span><\/p>\n<ul>\n<li><span style=\"color: #333399;\"><b>Des messages forts<\/b><\/span><\/li>\n<\/ul>\n<p><span style=\"font-weight: 400;\">Alors que &#8211; \u00e0 tord- on se focalise davantage sur le syst\u00e8me de soins que sur le syst\u00e8me de Sant\u00e9, dans lequel la Pr\u00e9vention devrait figurer au premier plan, il appara\u00eet que celle-ci doit b\u00e9n\u00e9ficier d\u2019innovations et de nouvelles technologies au m\u00eame titre que le soin. L\u2019innovation n\u2019est en effet pas l\u2019apanage des disciplines techniques mais doit se mettre au service des sciences humaines et sociales, notamment \u00e0 travers les Deep Tech mobilisant l\u2019intelligence artificielle, la simulation num\u00e9rique, etc.<\/span><\/p>\n<p><span style=\"font-weight: 400;\">Par ailleurs, afin de r\u00e9pondre \u00e0 l\u2019enjeu des usages, ces technologies doivent \u00eatre pens\u00e9es et d\u00e9velopp\u00e9es d\u00e8s le d\u00e9part avec les acteurs de terrain, ce qui implique de disposer d\u2019un r\u00e9seau structur\u00e9 \u00e0 l\u2019\u00e9chelle des territoires. Il est ressorti des t\u00e9moignages et des \u00e9changes que de nombreuses initiatives (salutaires) apparaissent au niveau local, mais sans coordination globale &#8230;ce qui h\u00e9las limite l\u2019envergure de leurs effets.<\/span><\/p>\n<p><span style=\"font-weight: 400;\">De \u201ctoute \u00e9vidence\u201d, de nouveaux<\/span><i><span style=\"font-weight: 400;\"> business model <\/span><\/i><span style=\"font-weight: 400;\">vont devoir \u00eatre invent\u00e9s et s\u2019imposer afin d\u2019assurer un niveau satisfaisant de sant\u00e9 au sein de la population dans toute sa diversit\u00e9 (\u00e9tudiants, personnes \u00e2g\u00e9es, patients atteints de maladies chroniques, etc) et ses vuln\u00e9rabilit\u00e9s (physique ou psychique).<\/span><\/p>\n<ul>\n<li><b><span style=\"color: #333399;\">L\u2019envie de travailler ensemble &amp; la volont\u00e9 d\u2019agir en synergie<\/span>\u00a0<\/b><\/li>\n<\/ul>\n<p><span style=\"font-weight: 400;\">A l\u2019unanimit\u00e9 des instances interrog\u00e9es (CHU, g\u00e9rontop\u00f4le, EPHAD, ARS, URPS Pharmaciens, Ligue contre le cancer, M\u00e9decine Pr\u00e9ventive Universitaire, M\u00e9decine de Sant\u00e9 au Travail) il s\u2019impose de coordonner les acteurs et les actions afin :<\/span><\/p>\n<ul>\n<li style=\"list-style-type: none;\">\n<ul>\n<li style=\"font-weight: 400;\"><span style=\"font-weight: 400;\">d&rsquo;organiser des \u00ab circuits courts de la sant\u00e9 \u00bb en mobilisant et en \u00e9quipant les acteurs de proximit\u00e9<\/span><\/li>\n<li style=\"font-weight: 400;\"><span style=\"font-weight: 400;\">de satisfaire au besoin d\u2019usages cibl\u00e9s et personnalis\u00e9s en d\u00e9veloppant et en adaptant les outils aux sp\u00e9cificit\u00e9s du terrain.<\/span><\/li>\n<\/ul>\n<\/li>\n<\/ul>\n<p><span style=\"font-weight: 400;\">De nombreux \u201cchantiers\u201d sont \u00e0 pr\u00e9sent ouverts, qui ont donn\u00e9 lieu \u00e0 5 ateliers \u00e0 l\u2019issue des \u00e9changes du premier Med\u20195P, et seront l\u2019objet\u00a0 d\u2019Appels \u00e0 Projets AAP (notamment dans le domaine de la Pr\u00e9vention et de la D\u00e9tection pr\u00e9coce).<\/span><\/p>\n<p><span style=\"font-weight: 400;\">Apr\u00e8s le succ\u00e8s et l&rsquo;enthousiasme suscit\u00e9 par sa 1<\/span><span style=\"font-weight: 400;\">\u00e8re<\/span><span style=\"font-weight: 400;\"> \u00e9dition, le Med\u20195P\u00a0 vous proposera au cours de l\u2019ann\u00e9e 2021 de r\u00e9fl\u00e9chir ensemble \u00e0 quelques probl\u00e9matiques essentielles comme :<\/span><\/p>\n<ul>\n<li style=\"font-weight: 400;\"><span style=\"font-weight: 400;\">La r\u00e9organisation des structures de soins en p\u00e9riode de crise, tout en pr\u00e9servant la relation humaine, en g\u00e9rant la s\u00e9curit\u00e9 des donn\u00e9es et en conservant l\u2019activit\u00e9<\/span><\/li>\n<li style=\"font-weight: 400;\"><span style=\"font-weight: 400;\">La gestion de l&rsquo;information m\u00e9dicale\/sanitaire \u00e0 destination des individus en p\u00e9riode de crise<\/span><\/li>\n<li style=\"font-weight: 400;\"><span style=\"font-weight: 400;\">Le d\u00e9veloppement de la protection sanitaire des individus sur leur lieu de travail (entreprises, centres de soins, \u00e9coles, universit\u00e9s, collectivit\u00e9s, &#8230; )<\/span><\/li>\n<\/ul>\n<div id=\"attachment_1640\" style=\"width: 780px\" class=\"wp-caption aligncenter\"><a class=\"hoverZoomLink\" href=\"https:\/\/youtu.be\/QYVyCqnEE14\"><img aria-describedby=\"caption-attachment-1640\" decoding=\"async\" loading=\"lazy\" class=\"hoverZoomLink wp-image-1640 size-full\" src=\"http:\/\/animation-debat-conference.fr\/wp-content\/uploads\/2021\/01\/Plateau-Med5P-10Dec2020-Comuniqu\u00e9.jpg\" alt=\"Plateau Med'5P - 10Dec2020\" width=\"770\" height=\"249\" srcset=\"https:\/\/animation-debat-conference.fr\/wp-content\/uploads\/2021\/01\/Plateau-Med5P-10Dec2020-Comuniqu\u00e9.jpg 770w, https:\/\/animation-debat-conference.fr\/wp-content\/uploads\/2021\/01\/Plateau-Med5P-10Dec2020-Comuniqu\u00e9-300x97.jpg 300w\" sizes=\"(max-width: 770px) 100vw, 770px\" \/><\/a><p id=\"caption-attachment-1640\" class=\"wp-caption-text\">Revivre l\u2019\u00e9v\u00e9nement Med\u20195P du\u00a0 10 d\u00e9cembre 2020<\/p><\/div>\n<\/div>\n<div id=\"header\" class=\"style-scope ytd-item-section-renderer\">\n<div id=\"title\" class=\"style-scope ytd-comments-header-renderer\">\n<h2 id=\"count\" class=\"style-scope ytd-comments-header-renderer\">0\u00a0commentaire<\/h2>\n<\/div>\n<\/div>\n<p><img id=\"hzDownscaled\" style=\"position: absolute; top: -10000px;\" alt=\"\" \/><\/p>\n<p><img id=\"hzDownscaled\" style=\"position: absolute; top: -10000px;\" alt=\"\" \/><\/p>\n<div id=\"hzImg\" style=\"border: 4px solid #ffffff; line-height: 0px; overflow: hidden; padding: 0px; margin: 4px; position: absolute; z-index: 2147483647; border-radius: 4px; box-shadow: rgba(0, 0, 0, 0.4) 0px 1px 3px; visibility: visible; opacity: 1; top: 596px; left: 63px; cursor: pointer; pointer-events: none; width: auto; height: auto; background-color: #ffffff; display: none;\"><\/div>\n<p><img id=\"hzDownscaled\" style=\"position: absolute; top: -10000px;\" alt=\"\" \/><img id=\"hzDownscaled\" style=\"position: absolute; top: -10000px;\" alt=\"\" \/><img id=\"hzDownscaled\" style=\"position: absolute; top: -10000px;\" alt=\"\" \/><\/p>\n<p><img id=\"hzDownscaled\" style=\"position: absolute; top: -10000px;\" alt=\"\" \/><img id=\"hzDownscaled\" style=\"position: absolute; top: -10000px;\" alt=\"\" \/><img id=\"hzDownscaled\" style=\"position: absolute; top: -10000px;\" alt=\"\" \/><img id=\"hzDownscaled\" style=\"position: absolute; top: -10000px;\" alt=\"\" \/><img id=\"hzDownscaled\" style=\"position: absolute; top: -10000px;\" alt=\"\" \/><\/p>\n<p><img id=\"hzDownscaled\" style=\"position: absolute; top: -10000px;\" alt=\"\" \/><img id=\"hzDownscaled\" style=\"position: absolute; top: -10000px;\" alt=\"\" \/><img id=\"hzDownscaled\" style=\"position: absolute; top: -10000px;\" alt=\"\" \/><img id=\"hzDownscaled\" style=\"position: absolute; top: -10000px;\" alt=\"\" \/><img id=\"hzDownscaled\" style=\"position: absolute; top: -10000px;\" alt=\"\" \/><\/p>\n<div id=\"hzImg\" style=\"border: 4px solid #ffffff; line-height: 0px; overflow: hidden; padding: 0px; margin: 4px; position: absolute; z-index: 2147483647; border-radius: 4px; box-shadow: rgba(0, 0, 0, 0.4) 0px 1px 3px; visibility: visible; opacity: 1; top: 3046px; left: 98px; cursor: pointer; pointer-events: none; width: auto; height: auto; background-color: #ffffff; display: none;\"><\/div>\n<p><img id=\"hzDownscaled\" style=\"position: absolute; top: -10000px;\" alt=\"\" \/><\/p>\n<p><img id=\"hzDownscaled\" style=\"position: absolute; top: -10000px;\" alt=\"\" \/><img id=\"hzDownscaled\" style=\"position: absolute; top: -10000px;\" alt=\"\" \/><img id=\"hzDownscaled\" style=\"position: absolute; top: -10000px;\" alt=\"\" \/><img id=\"hzDownscaled\" style=\"position: absolute; top: -10000px;\" alt=\"\" \/><img id=\"hzDownscaled\" style=\"position: absolute; top: -10000px;\" alt=\"\" \/><img id=\"hzDownscaled\" style=\"position: absolute; top: -10000px;\" alt=\"\" \/><img id=\"hzDownscaled\" style=\"position: absolute; top: -10000px;\" alt=\"\" \/><img id=\"hzDownscaled\" style=\"position: absolute; top: -10000px;\" alt=\"\" \/><img id=\"hzDownscaled\" style=\"position: absolute; top: -10000px;\" alt=\"\" \/><img id=\"hzDownscaled\" style=\"position: absolute; top: -10000px;\" alt=\"\" \/><img id=\"hzDownscaled\" style=\"position: absolute; top: -10000px;\" alt=\"\" \/><img id=\"hzDownscaled\" style=\"position: absolute; top: -10000px;\" alt=\"\" \/><img id=\"hzDownscaled\" style=\"position: absolute; top: -10000px;\" alt=\"\" \/><img id=\"hzDownscaled\" style=\"position: absolute; top: -10000px;\" alt=\"\" \/><img id=\"hzDownscaled\" style=\"position: absolute; top: -10000px;\" alt=\"\" \/><img id=\"hzDownscaled\" style=\"position: absolute; top: -10000px;\" alt=\"\" \/><img id=\"hzDownscaled\" style=\"position: absolute; top: -10000px;\" alt=\"\" \/><img id=\"hzDownscaled\" style=\"position: absolute; top: -10000px;\" alt=\"\" \/><img id=\"hzDownscaled\" style=\"position: absolute; top: -10000px;\" alt=\"\" \/><img id=\"hzDownscaled\" style=\"position: absolute; top: -10000px;\" alt=\"\" \/><img id=\"hzDownscaled\" style=\"position: absolute; top: -10000px;\" alt=\"\" \/><img id=\"hzDownscaled\" style=\"position: absolute; top: -10000px;\" alt=\"\" \/><img id=\"hzDownscaled\" style=\"position: absolute; top: -10000px;\" alt=\"\" \/><img id=\"hzDownscaled\" style=\"position: absolute; top: -10000px;\" alt=\"\" \/><img id=\"hzDownscaled\" style=\"position: absolute; top: -10000px;\" alt=\"\" \/><img id=\"hzDownscaled\" style=\"position: absolute; top: -10000px;\" alt=\"\" \/><img id=\"hzDownscaled\" style=\"position: absolute; top: -10000px;\" alt=\"\" \/><img id=\"hzDownscaled\" style=\"position: absolute; top: -10000px;\" alt=\"\" \/><img id=\"hzDownscaled\" style=\"position: absolute; top: -10000px;\" alt=\"\" \/><img id=\"hzDownscaled\" style=\"position: absolute; top: -10000px;\" alt=\"\" \/><img id=\"hzDownscaled\" style=\"position: absolute; top: -10000px;\" alt=\"\" \/><img id=\"hzDownscaled\" style=\"position: absolute; top: -10000px;\" alt=\"\" \/><img id=\"hzDownscaled\" style=\"position: absolute; top: -10000px;\" alt=\"\" \/><img id=\"hzDownscaled\" style=\"position: absolute; top: -10000px;\" alt=\"\" \/><img id=\"hzDownscaled\" style=\"position: absolute; top: -10000px;\" alt=\"\" \/><img id=\"hzDownscaled\" style=\"position: absolute; top: -10000px;\" alt=\"\" \/><\/p>\n","protected":false},"excerpt":{"rendered":"<p>10\/12\/20 &#8211; Ev\u00e8nement marquant pour le P\u00f4le de Technologies M\u00e9dicales (PTM, nouvellement rebaptis\u00e9 NOVEKA!), la rencontre Med\u20195P &#8211; pour Pr\u00e9vention, Proximit\u00e9, Parcours, Personnalisation et Partage d\u2019exp\u00e9rience &#8211; s\u2019est tenue le 10 d\u00e9cembre 2020 \u00e0 Saint-Etienne. Vocation affich\u00e9e : f\u00e9d\u00e9rer toute la communaut\u00e9 de la Sant\u00e9 et des technologies m\u00e9dicales du territoire autour de probl\u00e9matiques communes et au service de la sant\u00e9 des populations. Tant originale que fondamentale, la th\u00e9matique retenue pour cette premi\u00e8re \u00e9dition \u00e9tait D\u00e9tecter et pr\u00e9venir les vuln\u00e9rabilit\u00e9s pour orienter les individus dans un parcours de soins adapt\u00e9 et personnalis\u00e9. Et tant soci\u00e9tal que technique, son leitmotiv \u00e9tait de placer l\u2019humain au centre de la r\u00e9flexion, en accord avec les nouvelles ambitions du p\u00f4le NOVEKA! (ex PTM). Un \u00e9v\u00e9nement que j&rsquo;ai eu l&rsquo;honneur et le plaisir d&rsquo;animer en pr\u00e9sence (et \u00e0 distance) d&rsquo;invit\u00e9s prestigieux.<\/p>\n","protected":false},"author":1,"featured_media":1640,"comment_status":"open","ping_status":"open","sticky":false,"template":"","format":"video","meta":[],"categories":[76,11,10],"tags":[135,138,132,136,134,140,131,133,139,137],"_links":{"self":[{"href":"https:\/\/animation-debat-conference.fr\/index.php?rest_route=\/wp\/v2\/posts\/1633"}],"collection":[{"href":"https:\/\/animation-debat-conference.fr\/index.php?rest_route=\/wp\/v2\/posts"}],"about":[{"href":"https:\/\/animation-debat-conference.fr\/index.php?rest_route=\/wp\/v2\/types\/post"}],"author":[{"embeddable":true,"href":"https:\/\/animation-debat-conference.fr\/index.php?rest_route=\/wp\/v2\/users\/1"}],"replies":[{"embeddable":true,"href":"https:\/\/animation-debat-conference.fr\/index.php?rest_route=%2Fwp%2Fv2%2Fcomments&post=1633"}],"version-history":[{"count":15,"href":"https:\/\/animation-debat-conference.fr\/index.php?rest_route=\/wp\/v2\/posts\/1633\/revisions"}],"predecessor-version":[{"id":1780,"href":"https:\/\/animation-debat-conference.fr\/index.php?rest_route=\/wp\/v2\/posts\/1633\/revisions\/1780"}],"wp:featuredmedia":[{"embeddable":true,"href":"https:\/\/animation-debat-conference.fr\/index.php?rest_route=\/wp\/v2\/media\/1640"}],"wp:attachment":[{"href":"https:\/\/animation-debat-conference.fr\/index.php?rest_route=%2Fwp%2Fv2%2Fmedia&parent=1633"}],"wp:term":[{"taxonomy":"category","embeddable":true,"href":"https:\/\/animation-debat-conference.fr\/index.php?rest_route=%2Fwp%2Fv2%2Fcategories&post=1633"},{"taxonomy":"post_tag","embeddable":true,"href":"https:\/\/animation-debat-conference.fr\/index.php?rest_route=%2Fwp%2Fv2%2Ftags&post=1633"}],"curies":[{"name":"wp","href":"https:\/\/api.w.org\/{rel}","templated":true}]}}